{"id":31,"date":"2020-01-11T13:21:59","date_gmt":"2020-01-11T16:21:59","guid":{"rendered":"http:\/\/miradasfeministas.com\/?p=31"},"modified":"2024-08-22T14:19:06","modified_gmt":"2024-08-22T17:19:06","slug":"la-poeta-irma-pineda-asume-cargo-en-la-onu","status":"publish","type":"post","link":"http:\/\/miradasfeministas.com\/index.php\/2020\/01\/11\/la-poeta-irma-pineda-asume-cargo-en-la-onu\/","title":{"rendered":"La poeta Irma Pineda asume cargo en la ONU"},"content":{"rendered":"<p>OAXACA, Oax., Desde el pasado uno de \u00a0enero, la poeta zapoteca, Irma Pineda Santiago, representa la voz de los pueblos ind\u00edgenas de toda Latinoam\u00e9rica y el Caribe ante la Organizaci\u00f3n de las Naciones Unidas (ONU).<\/p>\n<p>La profesora oaxaque\u00f1a, nacida en Juchit\u00e1n de Zaragoza, fue electa por aclamaci\u00f3n luego de ser\u00a0parte de una terna y realizar\u00a0una serie de encuentros y entrevistas con delegaciones de varios pa\u00edses que le dieron su respaldo.<\/p>\n<p>A partir de este mes ocupa un asiento en el Foro Permanente para las Cuestiones Ind\u00edgenas en la ONU durante el per\u00edodo 2020-2022.<\/p>\n<p>En breve entrevista, Pineda Santiago explic\u00f3 a este medio que algunos de los temas que habr\u00e1 de incluir en la agenda por su nuevo cargo est\u00e1 educaci\u00f3n, salud, medioambiente, cultura, paz y justicia, entre otros.<\/p>\n<p>\u201cEl cargo es tener presente \u2013en estos y otros temas\u2013 la visi\u00f3n de los pueblos ind\u00edgenas para orientar , asesorar y proponer al consejo econ\u00f3mico y social de la ONU\u201d, anot\u00f3.<\/p>\n<p>Agreg\u00f3 que un punto relevante es acoplar esta agenda con los\u00a0\u00a017 objetivos de desarrollo sostenible de la ONU de la agenda 2030, que comprende: cero hambre, combate\u00a0\u00a0a la pobreza y cambio clim\u00e1tico.<\/p>\n<p>Pineda\u00a0Santiago recibi\u00f3 la invitaci\u00f3n para el puesto honorario por parte de la Secretar\u00eda de Relaciones Exteriores (SRE), que apoy\u00f3 y promocion\u00f3 la propuesta en los foros internacionales para que M\u00e9xico, para que a trav\u00e9s de su persona abandere la voz de los pueblos originarios de Am\u00e9rica.<\/p>\n<p>La nueva diplom\u00e1tica\u00a0\u00a0naci\u00f3 en la S\u00e9ptima Secci\u00f3n del municipio de Juchit\u00e1n de Zaragoza, es hija del desaparecido l\u00edder campesino V\u00edctor\u00a0Pineda\u00a0Santiago y de la profesora C\u00e1ndida Santiago. Es licenciada en Comunicaci\u00f3n.<\/p>\n<p>Es autora de casi una docena de libros biling\u00fces entre poemarios, traducciones y libros para ni\u00f1os.<\/p>\n<p>Su poes\u00eda ha sido traducida a varios idiomas como el italiano y el ruso. Es considerada una de la poetas m\u00e1s importantes de lenguas ind\u00edgenas en el pa\u00eds.<\/p>\n<p>Actualmente,\u00a0Pineda\u00a0alterna\u00a0su\u00a0trabajo literario y de\u00a0promoci\u00f3n de las lenguas con el\u00a0de \u00a0catedr\u00e1tica de la Universidad Pedag\u00f3gica Nacional (UPN) en Ciudad Ixtepec, en el Istmo.<\/p>\n<p>Fonte da not\u00edcia: http:\/\/www.ororadio.com.mx\/2020\/01\/la-poeta-zapoteca-irma-pineda-asume-cargo-en-la-onu\/?audiogallery_startitem_ag1=0<\/p>\n<div class=\"sharing-default-minimal post-bottom\"><div class=\"nectar-social default\" data-position=\"\" data-color-override=\"override\"><div class=\"nectar-social-inner\"><a href=\"#\" class=\"nectar-love\" id=\"nectar-love-31\" title=\"Love this\"> <i class=\"icon-salient-heart-2\"><\/i><span class=\"love-text\">Love<\/span><span class=\"total_loves\"><span class=\"nectar-love-count\">1<\/span><\/span><\/a><a class='facebook-share nectar-sharing' href='#' title='Share this'> <i class='fa fa-facebook'><\/i> <span class='social-text'>Share<\/span> <\/a><a class='linkedin-share nectar-sharing' href='#' title='Share this'> <i class='fa fa-linkedin'><\/i> <span class='social-text'>Share<\/span> <\/a><\/div><\/div><\/div>","protected":false},"excerpt":{"rendered":"<p>OAXACA, Oax., Desde el pasado uno de \u00a0enero, la poeta zapoteca, Irma Pineda Santiago, representa la voz de los pueblos ind\u00edgenas de toda Latinoam\u00e9rica y el Caribe ante la.<\/p>\n","protected":false},"author":1,"featured_media":32,"comment_status":"open","ping_status":"open","sticky":false,"template":"","format":"standard","meta":{"amp_status":"","footnotes":""},"categories":[30],"tags":[5],"class_list":["post-31","post","type-post","status-publish","format-standard","has-post-thumbnail","hentry","category-universitaet-hamburg","tag-indigena"],"yoast_head":"<!-- This site is optimized with the Yoast SEO plugin v24.0 - https:\/\/yoast.com\/wordpress\/plugins\/seo\/ -->\n<title>La poeta Irma Pineda asume cargo en la ONU - Miradas Feministas<\/title>\n<meta name=\"description\" content=\"La profesora oaxaque\u00f1a, nacida en Juchit\u00e1n de Zaragoza, fue electa por aclamaci\u00f3n luego de ser\u00a0parte de una terna y realizar\u00a0una serie de encuentros..\" \/>\n<meta name=\"robots\" content=\"index, follow, max-snippet:-1, max-image-preview:large, max-video-preview:-1\" \/>\n<link rel=\"canonical\" href=\"http:\/\/miradasfeministas.com\/index.php\/2020\/01\/11\/la-poeta-irma-pineda-asume-cargo-en-la-onu\/\" \/>\n<meta property=\"og:locale\" content=\"en_US\" \/>\n<meta property=\"og:type\" content=\"article\" \/>\n<meta property=\"og:title\" content=\"La poeta Irma Pineda asume cargo en la ONU - Miradas Feministas\" \/>\n<meta property=\"og:description\" content=\"La profesora oaxaque\u00f1a, nacida en Juchit\u00e1n de Zaragoza, fue electa por aclamaci\u00f3n luego de ser\u00a0parte de una terna y realizar\u00a0una serie de encuentros..\" \/>\n<meta property=\"og:url\" content=\"http:\/\/miradasfeministas.com\/index.php\/2020\/01\/11\/la-poeta-irma-pineda-asume-cargo-en-la-onu\/\" \/>\n<meta property=\"og:site_name\" content=\"Miradas Feministas\" \/>\n<meta property=\"article:published_time\" content=\"2020-01-11T16:21:59+00:00\" \/>\n<meta property=\"article:modified_time\" content=\"2024-08-22T17:19:06+00:00\" \/>\n<meta property=\"og:image\" content=\"http:\/\/miradasfeministas.com\/wp-content\/uploads\/2020\/01\/La-poeta-Irma-Pineda-asume-cargo-en-la-ONU.jpg\" \/>\n\t<meta property=\"og:image:width\" content=\"900\" \/>\n\t<meta property=\"og:image:height\" content=\"500\" \/>\n\t<meta property=\"og:image:type\" content=\"image\/jpeg\" \/>\n<meta name=\"author\" content=\"brujas\" \/>\n<meta name=\"twitter:card\" content=\"summary_large_image\" \/>\n<meta name=\"twitter:label1\" content=\"Written by\" \/>\n\t<meta name=\"twitter:data1\" content=\"brujas\" \/>\n\t<meta name=\"twitter:label2\" content=\"Est. reading time\" \/>\n\t<meta name=\"twitter:data2\" content=\"2 minutes\" \/>\n<script type=\"application\/ld+json\" class=\"yoast-schema-graph\">{\"@context\":\"https:\/\/schema.org\",\"@graph\":[{\"@type\":\"WebPage\",\"@id\":\"http:\/\/miradasfeministas.com\/index.php\/2020\/01\/11\/la-poeta-irma-pineda-asume-cargo-en-la-onu\/\",\"url\":\"http:\/\/miradasfeministas.com\/index.php\/2020\/01\/11\/la-poeta-irma-pineda-asume-cargo-en-la-onu\/\",\"name\":\"La poeta Irma Pineda asume cargo en la ONU - Miradas Feministas\",\"isPartOf\":{\"@id\":\"http:\/\/miradasfeministas.com\/#website\"},\"primaryImageOfPage\":{\"@id\":\"http:\/\/miradasfeministas.com\/index.php\/2020\/01\/11\/la-poeta-irma-pineda-asume-cargo-en-la-onu\/#primaryimage\"},\"image\":{\"@id\":\"http:\/\/miradasfeministas.com\/index.php\/2020\/01\/11\/la-poeta-irma-pineda-asume-cargo-en-la-onu\/#primaryimage\"},\"thumbnailUrl\":\"http:\/\/miradasfeministas.com\/wp-content\/uploads\/2020\/01\/La-poeta-Irma-Pineda-asume-cargo-en-la-ONU.jpg\",\"datePublished\":\"2020-01-11T16:21:59+00:00\",\"dateModified\":\"2024-08-22T17:19:06+00:00\",\"author\":{\"@id\":\"http:\/\/miradasfeministas.com\/#\/schema\/person\/23a7642e0b711ae5ee2fa0960bfcbcfa\"},\"description\":\"La profesora oaxaque\u00f1a, nacida en Juchit\u00e1n de Zaragoza, fue electa por aclamaci\u00f3n luego de ser\u00a0parte de una terna y realizar\u00a0una serie de encuentros..\",\"breadcrumb\":{\"@id\":\"http:\/\/miradasfeministas.com\/index.php\/2020\/01\/11\/la-poeta-irma-pineda-asume-cargo-en-la-onu\/#breadcrumb\"},\"inLanguage\":\"en-US\",\"potentialAction\":[{\"@type\":\"ReadAction\",\"target\":[\"http:\/\/miradasfeministas.com\/index.php\/2020\/01\/11\/la-poeta-irma-pineda-asume-cargo-en-la-onu\/\"]}]},{\"@type\":\"ImageObject\",\"inLanguage\":\"en-US\",\"@id\":\"http:\/\/miradasfeministas.com\/index.php\/2020\/01\/11\/la-poeta-irma-pineda-asume-cargo-en-la-onu\/#primaryimage\",\"url\":\"http:\/\/miradasfeministas.com\/wp-content\/uploads\/2020\/01\/La-poeta-Irma-Pineda-asume-cargo-en-la-ONU.jpg\",\"contentUrl\":\"http:\/\/miradasfeministas.com\/wp-content\/uploads\/2020\/01\/La-poeta-Irma-Pineda-asume-cargo-en-la-ONU.jpg\",\"width\":900,\"height\":500},{\"@type\":\"BreadcrumbList\",\"@id\":\"http:\/\/miradasfeministas.com\/index.php\/2020\/01\/11\/la-poeta-irma-pineda-asume-cargo-en-la-onu\/#breadcrumb\",\"itemListElement\":[{\"@type\":\"ListItem\",\"position\":1,\"name\":\"In\u00edcio\",\"item\":\"http:\/\/miradasfeministas.com\/\"},{\"@type\":\"ListItem\",\"position\":2,\"name\":\"La poeta Irma Pineda asume cargo en la ONU\"}]},{\"@type\":\"WebSite\",\"@id\":\"http:\/\/miradasfeministas.com\/#website\",\"url\":\"http:\/\/miradasfeministas.com\/\",\"name\":\"Miradas Feministas\",\"description\":\"\",\"potentialAction\":[{\"@type\":\"SearchAction\",\"target\":{\"@type\":\"EntryPoint\",\"urlTemplate\":\"http:\/\/miradasfeministas.com\/?s={search_term_string}\"},\"query-input\":{\"@type\":\"PropertyValueSpecification\",\"valueRequired\":true,\"valueName\":\"search_term_string\"}}],\"inLanguage\":\"en-US\"},{\"@type\":\"Person\",\"@id\":\"http:\/\/miradasfeministas.com\/#\/schema\/person\/23a7642e0b711ae5ee2fa0960bfcbcfa\",\"name\":\"brujas\",\"image\":{\"@type\":\"ImageObject\",\"inLanguage\":\"en-US\",\"@id\":\"http:\/\/miradasfeministas.com\/#\/schema\/person\/image\/\",\"url\":\"https:\/\/secure.gravatar.com\/avatar\/95e46e69eee8616c444c1a215c9c5516b3dba811bd50fff5a2f606f4fb5e6bf4?s=96&d=mm&r=g\",\"contentUrl\":\"https:\/\/secure.gravatar.com\/avatar\/95e46e69eee8616c444c1a215c9c5516b3dba811bd50fff5a2f606f4fb5e6bf4?s=96&d=mm&r=g\",\"caption\":\"brujas\"},\"url\":\"http:\/\/miradasfeministas.com\/index.php\/author\/brujas\/\"}]}<\/script>\n<!-- \/ Yoast SEO plugin. -->","yoast_head_json":{"title":"La poeta Irma Pineda asume cargo en la ONU - Miradas Feministas","description":"La profesora oaxaque\u00f1a, nacida en Juchit\u00e1n de Zaragoza, fue electa por aclamaci\u00f3n luego de ser\u00a0parte de una terna y realizar\u00a0una serie de encuentros..","robots":{"index":"index","follow":"follow","max-snippet":"max-snippet:-1","max-image-preview":"max-image-preview:large","max-video-preview":"max-video-preview:-1"},"canonical":"http:\/\/miradasfeministas.com\/index.php\/2020\/01\/11\/la-poeta-irma-pineda-asume-cargo-en-la-onu\/","og_locale":"en_US","og_type":"article","og_title":"La poeta Irma Pineda asume cargo en la ONU - Miradas Feministas","og_description":"La profesora oaxaque\u00f1a, nacida en Juchit\u00e1n de Zaragoza, fue electa por aclamaci\u00f3n luego de ser\u00a0parte de una terna y realizar\u00a0una serie de encuentros..","og_url":"http:\/\/miradasfeministas.com\/index.php\/2020\/01\/11\/la-poeta-irma-pineda-asume-cargo-en-la-onu\/","og_site_name":"Miradas Feministas","article_published_time":"2020-01-11T16:21:59+00:00","article_modified_time":"2024-08-22T17:19:06+00:00","og_image":[{"width":900,"height":500,"url":"http:\/\/miradasfeministas.com\/wp-content\/uploads\/2020\/01\/La-poeta-Irma-Pineda-asume-cargo-en-la-ONU.jpg","type":"image\/jpeg"}],"author":"brujas","twitter_card":"summary_large_image","twitter_misc":{"Written by":"brujas","Est. reading time":"2 minutes"},"schema":{"@context":"https:\/\/schema.org","@graph":[{"@type":"WebPage","@id":"http:\/\/miradasfeministas.com\/index.php\/2020\/01\/11\/la-poeta-irma-pineda-asume-cargo-en-la-onu\/","url":"http:\/\/miradasfeministas.com\/index.php\/2020\/01\/11\/la-poeta-irma-pineda-asume-cargo-en-la-onu\/","name":"La poeta Irma Pineda asume cargo en la ONU - Miradas Feministas","isPartOf":{"@id":"http:\/\/miradasfeministas.com\/#website"},"primaryImageOfPage":{"@id":"http:\/\/miradasfeministas.com\/index.php\/2020\/01\/11\/la-poeta-irma-pineda-asume-cargo-en-la-onu\/#primaryimage"},"image":{"@id":"http:\/\/miradasfeministas.com\/index.php\/2020\/01\/11\/la-poeta-irma-pineda-asume-cargo-en-la-onu\/#primaryimage"},"thumbnailUrl":"http:\/\/miradasfeministas.com\/wp-content\/uploads\/2020\/01\/La-poeta-Irma-Pineda-asume-cargo-en-la-ONU.jpg","datePublished":"2020-01-11T16:21:59+00:00","dateModified":"2024-08-22T17:19:06+00:00","author":{"@id":"http:\/\/miradasfeministas.com\/#\/schema\/person\/23a7642e0b711ae5ee2fa0960bfcbcfa"},"description":"La profesora oaxaque\u00f1a, nacida en Juchit\u00e1n de Zaragoza, fue electa por aclamaci\u00f3n luego de ser\u00a0parte de una terna y realizar\u00a0una serie de encuentros..","breadcrumb":{"@id":"http:\/\/miradasfeministas.com\/index.php\/2020\/01\/11\/la-poeta-irma-pineda-asume-cargo-en-la-onu\/#breadcrumb"},"inLanguage":"en-US","potentialAction":[{"@type":"ReadAction","target":["http:\/\/miradasfeministas.com\/index.php\/2020\/01\/11\/la-poeta-irma-pineda-asume-cargo-en-la-onu\/"]}]},{"@type":"ImageObject","inLanguage":"en-US","@id":"http:\/\/miradasfeministas.com\/index.php\/2020\/01\/11\/la-poeta-irma-pineda-asume-cargo-en-la-onu\/#primaryimage","url":"http:\/\/miradasfeministas.com\/wp-content\/uploads\/2020\/01\/La-poeta-Irma-Pineda-asume-cargo-en-la-ONU.jpg","contentUrl":"http:\/\/miradasfeministas.com\/wp-content\/uploads\/2020\/01\/La-poeta-Irma-Pineda-asume-cargo-en-la-ONU.jpg","width":900,"height":500},{"@type":"BreadcrumbList","@id":"http:\/\/miradasfeministas.com\/index.php\/2020\/01\/11\/la-poeta-irma-pineda-asume-cargo-en-la-onu\/#breadcrumb","itemListElement":[{"@type":"ListItem","position":1,"name":"In\u00edcio","item":"http:\/\/miradasfeministas.com\/"},{"@type":"ListItem","position":2,"name":"La poeta Irma Pineda asume cargo en la ONU"}]},{"@type":"WebSite","@id":"http:\/\/miradasfeministas.com\/#website","url":"http:\/\/miradasfeministas.com\/","name":"Miradas Feministas","description":"","potentialAction":[{"@type":"SearchAction","target":{"@type":"EntryPoint","urlTemplate":"http:\/\/miradasfeministas.com\/?s={search_term_string}"},"query-input":{"@type":"PropertyValueSpecification","valueRequired":true,"valueName":"search_term_string"}}],"inLanguage":"en-US"},{"@type":"Person","@id":"http:\/\/miradasfeministas.com\/#\/schema\/person\/23a7642e0b711ae5ee2fa0960bfcbcfa","name":"brujas","image":{"@type":"ImageObject","inLanguage":"en-US","@id":"http:\/\/miradasfeministas.com\/#\/schema\/person\/image\/","url":"https:\/\/secure.gravatar.com\/avatar\/95e46e69eee8616c444c1a215c9c5516b3dba811bd50fff5a2f606f4fb5e6bf4?s=96&d=mm&r=g","contentUrl":"https:\/\/secure.gravatar.com\/avatar\/95e46e69eee8616c444c1a215c9c5516b3dba811bd50fff5a2f606f4fb5e6bf4?s=96&d=mm&r=g","caption":"brujas"},"url":"http:\/\/miradasfeministas.com\/index.php\/author\/brujas\/"}]}},"_links":{"self":[{"href":"http:\/\/miradasfeministas.com\/index.php\/wp-json\/wp\/v2\/posts\/31","targetHints":{"allow":["GET"]}}],"collection":[{"href":"http:\/\/miradasfeministas.com\/index.php\/wp-json\/wp\/v2\/posts"}],"about":[{"href":"http:\/\/miradasfeministas.com\/index.php\/wp-json\/wp\/v2\/types\/post"}],"author":[{"embeddable":true,"href":"http:\/\/miradasfeministas.com\/index.php\/wp-json\/wp\/v2\/users\/1"}],"replies":[{"embeddable":true,"href":"http:\/\/miradasfeministas.com\/index.php\/wp-json\/wp\/v2\/comments?post=31"}],"version-history":[{"count":2,"href":"http:\/\/miradasfeministas.com\/index.php\/wp-json\/wp\/v2\/posts\/31\/revisions"}],"predecessor-version":[{"id":5836,"href":"http:\/\/miradasfeministas.com\/index.php\/wp-json\/wp\/v2\/posts\/31\/revisions\/5836"}],"wp:featuredmedia":[{"embeddable":true,"href":"http:\/\/miradasfeministas.com\/index.php\/wp-json\/wp\/v2\/media\/32"}],"wp:attachment":[{"href":"http:\/\/miradasfeministas.com\/index.php\/wp-json\/wp\/v2\/media?parent=31"}],"wp:term":[{"taxonomy":"category","embeddable":true,"href":"http:\/\/miradasfeministas.com\/index.php\/wp-json\/wp\/v2\/categories?post=31"},{"taxonomy":"post_tag","embeddable":true,"href":"http:\/\/miradasfeministas.com\/index.php\/wp-json\/wp\/v2\/tags?post=31"}],"curies":[{"name":"wp","href":"https:\/\/api.w.org\/{rel}","templated":true}]}}